{"id":47,"count":1,"description":"Marulanda, reconnue comme l\u2019un des Villages qui Enchantent de Colombie, se distingue non seulement par son architecture coloniale, avec ses maisons en bahareque \u00e0 deux \u00e9tages orn\u00e9es de socles, de portes et de fen\u00eatres color\u00e9es, mais aussi par ses paysages impressionnants de culture caf\u00e9i\u00e8re.","link":"https:\/\/amisdufrancais.co\/fr\/municipalites\/marulanda-fr\/","name":"Marulanda","slug":"marulanda-fr","taxonomy":"municipios","parent":0,"meta":[],"yoast_head":"<!-- This site is optimized with the Yoast SEO plugin v28.4 - https:\/\/yoast.com\/product\/yoast-seo-wordpress\/ -->\n<title>Marulanda Archivos - Amigos del Franc\u00e9s<\/title>\n<meta name=\"robots\" content=\"index, follow, max-snippet:-1, max-image-preview:large, max-video-preview:-1\" \/>\n<link rel=\"canonical\" href=\"https:\/\/amisdufrancais.co\/fr\/municipalites\/marulanda-fr\/\" \/>\n<meta property=\"og:locale\" content=\"fr_FR\" \/>\n<meta property=\"og:type\" content=\"article\" \/>\n<meta property=\"og:title\" content=\"Marulanda Archivos - Amigos del Franc\u00e9s\" \/>\n<meta property=\"og:description\" content=\"Marulanda, reconnue comme l\u2019un des Villages qui Enchantent de Colombie, se distingue non seulement par son architecture coloniale, avec ses maisons en bahareque \u00e0 deux \u00e9tages orn\u00e9es de socles, de portes et de fen\u00eatres color\u00e9es, mais aussi par ses paysages impressionnants de culture caf\u00e9i\u00e8re.\" \/>\n<meta property=\"og:url\" content=\"https:\/\/amisdufrancais.co\/fr\/municipalites\/marulanda-fr\/\" \/>\n<meta property=\"og:site_name\" content=\"Amigos del Franc\u00e9s\" \/>\n<meta name=\"twitter:card\" content=\"summary_large_image\" \/>\n<script type=\"application\/ld+json\" class=\"yoast-schema-graph\">{\"@context\":\"https:\\\/\\\/schema.org\",\"@graph\":[{\"@type\":\"CollectionPage\",\"@id\":\"https:\\\/\\\/amisdufrancais.co\\\/fr\\\/municipalites\\\/marulanda-fr\\\/\",\"url\":\"https:\\\/\\\/amisdufrancais.co\\\/fr\\\/municipalites\\\/marulanda-fr\\\/\",\"name\":\"Marulanda Archivos - Amigos del Franc\u00e9s\",\"isPartOf\":{\"@id\":\"https:\\\/\\\/amisdufrancais.co\\\/#website\"},\"breadcrumb\":{\"@id\":\"https:\\\/\\\/amisdufrancais.co\\\/fr\\\/municipalites\\\/marulanda-fr\\\/#breadcrumb\"},\"inLanguage\":\"fr-FR\"},{\"@type\":\"BreadcrumbList\",\"@id\":\"https:\\\/\\\/amisdufrancais.co\\\/fr\\\/municipalites\\\/marulanda-fr\\\/#breadcrumb\",\"itemListElement\":[{\"@type\":\"ListItem\",\"position\":1,\"name\":\"Home\",\"item\":\"https:\\\/\\\/amisdufrancais.co\\\/\"},{\"@type\":\"ListItem\",\"position\":2,\"name\":\"Marulanda\"}]},{\"@type\":\"WebSite\",\"@id\":\"https:\\\/\\\/amisdufrancais.co\\\/#website\",\"url\":\"https:\\\/\\\/amisdufrancais.co\\\/\",\"name\":\"Amigos del Franc\u00e9s\",\"description\":\"\",\"publisher\":{\"@id\":\"https:\\\/\\\/amisdufrancais.co\\\/#organization\"},\"alternateName\":\"Alianza Francesa de Manizales\",\"potentialAction\":[{\"@type\":\"SearchAction\",\"target\":{\"@type\":\"EntryPoint\",\"urlTemplate\":\"https:\\\/\\\/amisdufrancais.co\\\/?s={search_term_string}\"},\"query-input\":{\"@type\":\"PropertyValueSpecification\",\"valueRequired\":true,\"valueName\":\"search_term_string\"}}],\"inLanguage\":\"fr-FR\"},{\"@type\":\"Organization\",\"@id\":\"https:\\\/\\\/amisdufrancais.co\\\/#organization\",\"name\":\"Amigos del Franc\u00e9s\",\"alternateName\":\"Alianza Francesa de Manizales\",\"url\":\"https:\\\/\\\/amisdufrancais.co\\\/\",\"logo\":{\"@type\":\"ImageObject\",\"inLanguage\":\"fr-FR\",\"@id\":\"https:\\\/\\\/amisdufrancais.co\\\/#\\\/schema\\\/logo\\\/image\\\/\",\"url\":\"https:\\\/\\\/amisdufrancais.co\\\/wp-content\\\/uploads\\\/2024\\\/11\\\/logo-amigos-del-frances.png\",\"contentUrl\":\"https:\\\/\\\/amisdufrancais.co\\\/wp-content\\\/uploads\\\/2024\\\/11\\\/logo-amigos-del-frances.png\",\"width\":4500,\"height\":4500,\"caption\":\"Amigos del Franc\u00e9s\"},\"image\":{\"@id\":\"https:\\\/\\\/amisdufrancais.co\\\/#\\\/schema\\\/logo\\\/image\\\/\"},\"sameAs\":[\"https:\\\/\\\/www.facebook.com\\\/alianzafrancesa.manizales\",\"https:\\\/\\\/www.instagram.com\\\/alianzafrancesamanizalesoficia\\\/\"]}]}<\/script>\n<!-- \/ Yoast SEO plugin. -->","yoast_head_json":{"title":"Marulanda Archivos - Amigos del Franc\u00e9s","robots":{"index":"index","follow":"follow","max-snippet":"max-snippet:-1","max-image-preview":"max-image-preview:large","max-video-preview":"max-video-preview:-1"},"canonical":"https:\/\/amisdufrancais.co\/fr\/municipalites\/marulanda-fr\/","og_locale":"fr_FR","og_type":"article","og_title":"Marulanda Archivos - Amigos del Franc\u00e9s","og_description":"Marulanda, reconnue comme l\u2019un des Villages qui Enchantent de Colombie, se distingue non seulement par son architecture coloniale, avec ses maisons en bahareque \u00e0 deux \u00e9tages orn\u00e9es de socles, de portes et de fen\u00eatres color\u00e9es, mais aussi par ses paysages impressionnants de culture caf\u00e9i\u00e8re.","og_url":"https:\/\/amisdufrancais.co\/fr\/municipalites\/marulanda-fr\/","og_site_name":"Amigos del Franc\u00e9s","twitter_card":"summary_large_image","schema":{"@context":"https:\/\/schema.org","@graph":[{"@type":"CollectionPage","@id":"https:\/\/amisdufrancais.co\/fr\/municipalites\/marulanda-fr\/","url":"https:\/\/amisdufrancais.co\/fr\/municipalites\/marulanda-fr\/","name":"Marulanda Archivos - Amigos del Franc\u00e9s","isPartOf":{"@id":"https:\/\/amisdufrancais.co\/#website"},"breadcrumb":{"@id":"https:\/\/amisdufrancais.co\/fr\/municipalites\/marulanda-fr\/#breadcrumb"},"inLanguage":"fr-FR"},{"@type":"BreadcrumbList","@id":"https:\/\/amisdufrancais.co\/fr\/municipalites\/marulanda-fr\/#breadcrumb","itemListElement":[{"@type":"ListItem","position":1,"name":"Home","item":"https:\/\/amisdufrancais.co\/"},{"@type":"ListItem","position":2,"name":"Marulanda"}]},{"@type":"WebSite","@id":"https:\/\/amisdufrancais.co\/#website","url":"https:\/\/amisdufrancais.co\/","name":"Amigos del Franc\u00e9s","description":"","publisher":{"@id":"https:\/\/amisdufrancais.co\/#organization"},"alternateName":"Alianza Francesa de Manizales","potentialAction":[{"@type":"SearchAction","target":{"@type":"EntryPoint","urlTemplate":"https:\/\/amisdufrancais.co\/?s={search_term_string}"},"query-input":{"@type":"PropertyValueSpecification","valueRequired":true,"valueName":"search_term_string"}}],"inLanguage":"fr-FR"},{"@type":"Organization","@id":"https:\/\/amisdufrancais.co\/#organization","name":"Amigos del Franc\u00e9s","alternateName":"Alianza Francesa de Manizales","url":"https:\/\/amisdufrancais.co\/","logo":{"@type":"ImageObject","inLanguage":"fr-FR","@id":"https:\/\/amisdufrancais.co\/#\/schema\/logo\/image\/","url":"https:\/\/amisdufrancais.co\/wp-content\/uploads\/2024\/11\/logo-amigos-del-frances.png","contentUrl":"https:\/\/amisdufrancais.co\/wp-content\/uploads\/2024\/11\/logo-amigos-del-frances.png","width":4500,"height":4500,"caption":"Amigos del Franc\u00e9s"},"image":{"@id":"https:\/\/amisdufrancais.co\/#\/schema\/logo\/image\/"},"sameAs":["https:\/\/www.facebook.com\/alianzafrancesa.manizales","https:\/\/www.instagram.com\/alianzafrancesamanizalesoficia\/"]}]}},"_links":{"self":[{"href":"https:\/\/amisdufrancais.co\/fr\/wp-json\/wp\/v2\/municipios\/47","targetHints":{"allow":["GET"]}}],"collection":[{"href":"https:\/\/amisdufrancais.co\/fr\/wp-json\/wp\/v2\/municipios"}],"about":[{"href":"https:\/\/amisdufrancais.co\/fr\/wp-json\/wp\/v2\/taxonomies\/municipios"}],"wp:post_type":[{"href":"https:\/\/amisdufrancais.co\/fr\/wp-json\/wp\/v2\/aliados?municipios=47"}],"curies":[{"name":"wp","href":"https:\/\/api.w.org\/{rel}","templated":true}]}}